{"id":53148,"date":"2025-06-09T07:31:17","date_gmt":"2025-06-09T07:31:17","guid":{"rendered":"https:\/\/www.extrapola.com\/it\/?p=53148"},"modified":"2025-06-09T07:31:22","modified_gmt":"2025-06-09T07:31:22","slug":"echo-chamber-quando-un-brand-parla-da-solo","status":"publish","type":"post","link":"https:\/\/www.extrapola.com\/it\/2025\/06\/09\/echo-chamber-quando-un-brand-parla-da-solo\/","title":{"rendered":"Echo chamber: quando un brand parla da solo"},"content":{"rendered":"\n<p id=\"ember529\">Nel mondo della comunicazione e del branding, uno dei rischi pi\u00f9 subdoli e sottovalutati \u00e8 quello di finire intrappolati in una <em>echo chamber<\/em>.<\/p>\n\n\n\n<h2 class=\"wp-block-heading\" id=\"ember530\">Cos&#8217;\u00e8 una echo chamber<\/h2>\n\n\n\n<p id=\"ember531\">Il concetto di <em>echo chamber<\/em> (letteralmente camera dell\u2019eco) \u00e8 stato introdotto e sviluppato in ambito accademico e giornalistico tra la fine degli anni \u201990 e i primi anni 2000,<\/p>\n\n\n\n<p id=\"ember532\">Uno dei primi a elaborarlo in modo sistematico \u00e8 stato il giurista e studioso statunitense <strong>Cass R. Sunstein<\/strong>.<\/p>\n\n\n\n<p id=\"ember533\">Nel suo saggio \u201cRepublic.com\u201d (2001), Sunstein analizza come Internet anzich\u00e9 ampliare l\u2019orizzonte informativo&nbsp; abbia portato le persone a isolarsi progressivamente in bolle di opinioni simili tra loro, evitando il confronto con idee diverse.<\/p>\n\n\n\n<p id=\"ember534\">Secondo Sunstein, il rischio principale \u00e8 la <strong>polarizzazione<\/strong>: quando le persone interagiscono solo con chi la pensa come loro, tendono a radicalizzare ed estremizzare le proprie posizioni.<\/p>\n\n\n\n<p id=\"ember535\">Una <em>echo chamber<\/em> fondandosi sul <em>bias<\/em> confermativo \u00e8 un ambiente in cui si \u00e8 esposti quasi esclusivamente a contenuti che confermano le proprie opinioni. Al suo interno, le voci critiche vengono ignorate o screditate a favore delle opinioni che muovono tutte in una stessa direzione.<\/p>\n\n\n\n<p id=\"ember536\">In una sorta di effetto eco della comunicazione le informazioni si amplificano e si rafforzano a vicenda per risonanza interna, generando una sostanziale deformazione della realt\u00e0 che considera come attendibili solo le informazioni che riecheggiano.<\/p>\n\n\n\n<h2 class=\"wp-block-heading\" id=\"ember537\">I rischi della echo chamber<\/h2>\n\n\n\n<p id=\"ember538\">Quello dell\u2019<em>echo chamber<\/em> non \u00e8 solo un fenomeno sociale, ma rappresenta un rischio concreto per l\u2019informazione equa e sincera.<\/p>\n\n\n\n<p id=\"ember539\">In questo modo si creano ambienti ciechi a conversazioni ed opportunit\u00e0 in cui \u00e8 difficile incontrare e discutere punti di vista differenti.<\/p>\n\n\n\n<p id=\"ember540\">Per un brand, l\u2019echo chamber \u00e8 un pericolo <strong>difficile da individuare<\/strong> ma potenzialmente molto dannoso. Fa credere che tutto stia andando per il verso giusto portando ad ignorare segnali critici e campanelli d\u2019allarme. Un atteggiamento mistificatorio che, di fatto, spesso pu\u00f2 trasformare un problema marginale in un\u2019autentica crisi reputazionale.<\/p>\n\n\n\n<h2 class=\"wp-block-heading\" id=\"ember541\">Come uscire dalla stanza<\/h2>\n\n\n\n<p id=\"ember542\">La <strong>rassegna stampa<\/strong>, se utilizzata in modo strategico, \u00e8 uno degli strumenti pi\u00f9 efficaci per \u201crompere\u201d la logica della camera dell\u2019eco. Non serve solo a sapere dove sei stato citato, ma a comprendere come sei percepito da ambienti diversi, con linguaggi e narrazioni differenti. Ti permette di monitorare toni, contesti, testate, blog, newsletter e social, restituendoti un\u2019immagine complessa ma reale di come il tuo brand viene raccontato.<\/p>\n\n\n\n<p id=\"ember543\">Una buona rassegna stampa aiuta a confrontare ci\u00f2 che si pensa di comunicare con ci\u00f2 che realmente arriva all\u2019esterno. Mette in ascolto su conversazioni che altrimenti difficili da intercettare e prepara ad agire in tempo, prima che un fraintendimento o una critica crescano fino a diventare una crisi.<\/p>\n\n\n\n<h2 class=\"wp-block-heading\" id=\"ember544\">Andare oltre l\u2019algoritmo<\/h2>\n\n\n\n<p id=\"ember545\">I social media mostrano ci\u00f2 che piace, confermano pensieri e premiano i contenuti pi\u00f9 polarizzati. Questo rende ancora pi\u00f9 facile restare chiusi nella propria bolla. Anche i brand non sono immuni a questo meccanismo: vedono solo i feedback pi\u00f9 visibili, le interazioni positive e le conferme rassicuranti. Ma comunicare non significa cercare solo consenso: significa anche sapersi mettere in discussione, leggere il contesto e adattarsi.<\/p>\n\n\n\n<p id=\"ember546\">Chi comunica oggi non pu\u00f2 permettersi di vivere in una echo chamber. Deve costantemente guardare fuori imparando a riconoscere le <strong>bolle informative <\/strong>in cui si muove e, quando serve, saperle forare.<\/p>\n\n\n\n<p id=\"ember547\">Le echo chamber condizionano la percezione che le persone hanno di un brand, di un progetto, di un\u2019idea. Per non restarne prigionieri serve uno sguardo pi\u00f9 ampio e pi\u00f9 critico. Serve la capacit\u00e0 di accettare anche ci\u00f2 che \u00e8 scomodo, distante o non immediatamente visibile.<\/p>\n\n\n\n<p id=\"ember548\">Essere informati \u00e8 il primo passo per comunicare meglio. E comunicare bene oggi significa, prima di tutto, ascoltare davvero.<\/p>\n\n\n\n<p><\/p>\n\n\n\n<p>Marco Tomasone<\/p>\n","protected":false},"excerpt":{"rendered":"<p>Nel mondo della comunicazione e del branding, uno dei rischi pi\u00f9 subdoli e sottovalutati \u00e8 quello di finire intrappolati in una echo chamber. Cos&#8217;\u00e8 una echo<span class=\"excerpt-hellip\"> [\u2026]<\/span><\/p>\n","protected":false},"author":11,"featured_media":53149,"comment_status":"open","ping_status":"open","sticky":false,"template":"","format":"standard","meta":{"footnotes":""},"categories":[34,32],"tags":[82,107,190],"class_list":["post-53148","post","type-post","status-publish","format-standard","has-post-thumbnail","hentry","category-social-media","category-web-reputation-2","tag-comunicazione","tag-informazione","tag-stampa"],"yoast_head":"<!-- This site is optimized with the Yoast SEO plugin v20.3 - https:\/\/yoast.com\/wordpress\/plugins\/seo\/ -->\n<title>Echo chamber: quando un brand parla da solo - eXtrapola | Rassegna stampa online<\/title>\n<meta name=\"description\" content=\"Nel mondo del branding e della comunicazione c\u2019\u00e8 un pericolo silenzioso che spesso passa inosservato: la ???? ???????. Ambienti autoreferenziali in cui si ascoltano solo le conferme ignorando le critiche.\" \/>\n<meta name=\"robots\" content=\"index, follow, max-snippet:-1, max-image-preview:large, max-video-preview:-1\" \/>\n<link rel=\"canonical\" href=\"https:\/\/www.extrapola.com\/it\/2025\/06\/09\/echo-chamber-quando-un-brand-parla-da-solo\/\" \/>\n<meta property=\"og:locale\" content=\"en_US\" \/>\n<meta property=\"og:type\" content=\"article\" \/>\n<meta property=\"og:title\" content=\"Echo chamber: quando un brand parla da solo - eXtrapola | Rassegna stampa online\" \/>\n<meta property=\"og:description\" content=\"Nel mondo del branding e della comunicazione c\u2019\u00e8 un pericolo silenzioso che spesso passa inosservato: la ???? ???????. Ambienti autoreferenziali in cui si ascoltano solo le conferme ignorando le critiche.\" \/>\n<meta property=\"og:url\" content=\"https:\/\/www.extrapola.com\/it\/2025\/06\/09\/echo-chamber-quando-un-brand-parla-da-solo\/\" \/>\n<meta property=\"og:site_name\" content=\"eXtrapola | Rassegna stampa online\" \/>\n<meta property=\"article:publisher\" content=\"https:\/\/www.facebook.com\/extrapolasrl\/\" \/>\n<meta property=\"article:published_time\" content=\"2025-06-09T07:31:17+00:00\" \/>\n<meta property=\"article:modified_time\" content=\"2025-06-09T07:31:22+00:00\" \/>\n<meta property=\"og:image\" content=\"https:\/\/www.extrapola.com\/it\/wp-content\/uploads\/2025\/06\/extrapola_echo.jpg\" \/>\n\t<meta property=\"og:image:width\" content=\"1789\" \/>\n\t<meta property=\"og:image:height\" content=\"1345\" \/>\n\t<meta property=\"og:image:type\" content=\"image\/jpeg\" \/>\n<meta name=\"author\" content=\"Marco Tomasone\" \/>\n<meta name=\"twitter:card\" content=\"summary_large_image\" \/>\n<meta name=\"twitter:creator\" content=\"@eXtrapola_srl\" \/>\n<meta name=\"twitter:site\" content=\"@eXtrapola_srl\" \/>\n<meta name=\"twitter:label1\" content=\"Written by\" \/>\n\t<meta name=\"twitter:data1\" content=\"Marco Tomasone\" \/>\n\t<meta name=\"twitter:label2\" content=\"Est. reading time\" \/>\n\t<meta name=\"twitter:data2\" content=\"3 minutes\" \/>\n<script type=\"application\/ld+json\" class=\"yoast-schema-graph\">{\"@context\":\"https:\/\/schema.org\",\"@graph\":[{\"@type\":\"Article\",\"@id\":\"https:\/\/www.extrapola.com\/it\/2025\/06\/09\/echo-chamber-quando-un-brand-parla-da-solo\/#article\",\"isPartOf\":{\"@id\":\"https:\/\/www.extrapola.com\/it\/2025\/06\/09\/echo-chamber-quando-un-brand-parla-da-solo\/\"},\"author\":{\"name\":\"Marco Tomasone\",\"@id\":\"https:\/\/www.extrapola.com\/it\/#\/schema\/person\/f59720ab473e649f1e3461d7c38f2305\"},\"headline\":\"Echo chamber: quando un brand parla da solo\",\"datePublished\":\"2025-06-09T07:31:17+00:00\",\"dateModified\":\"2025-06-09T07:31:22+00:00\",\"mainEntityOfPage\":{\"@id\":\"https:\/\/www.extrapola.com\/it\/2025\/06\/09\/echo-chamber-quando-un-brand-parla-da-solo\/\"},\"wordCount\":600,\"commentCount\":0,\"publisher\":{\"@id\":\"https:\/\/www.extrapola.com\/it\/#organization\"},\"keywords\":[\"comunicazione\",\"informazione\",\"stampa\"],\"articleSection\":[\"Social Media\",\"Web Reputation\"],\"inLanguage\":\"en-US\",\"potentialAction\":[{\"@type\":\"CommentAction\",\"name\":\"Comment\",\"target\":[\"https:\/\/www.extrapola.com\/it\/2025\/06\/09\/echo-chamber-quando-un-brand-parla-da-solo\/#respond\"]}]},{\"@type\":\"WebPage\",\"@id\":\"https:\/\/www.extrapola.com\/it\/2025\/06\/09\/echo-chamber-quando-un-brand-parla-da-solo\/\",\"url\":\"https:\/\/www.extrapola.com\/it\/2025\/06\/09\/echo-chamber-quando-un-brand-parla-da-solo\/\",\"name\":\"Echo chamber: quando un brand parla da solo - eXtrapola | Rassegna stampa online\",\"isPartOf\":{\"@id\":\"https:\/\/www.extrapola.com\/it\/#website\"},\"datePublished\":\"2025-06-09T07:31:17+00:00\",\"dateModified\":\"2025-06-09T07:31:22+00:00\",\"description\":\"Nel mondo del branding e della comunicazione c\u2019\u00e8 un pericolo silenzioso che spesso passa inosservato: la ???? ???????. Ambienti autoreferenziali in cui si ascoltano solo le conferme ignorando le critiche.\",\"breadcrumb\":{\"@id\":\"https:\/\/www.extrapola.com\/it\/2025\/06\/09\/echo-chamber-quando-un-brand-parla-da-solo\/#breadcrumb\"},\"inLanguage\":\"en-US\",\"potentialAction\":[{\"@type\":\"ReadAction\",\"target\":[\"https:\/\/www.extrapola.com\/it\/2025\/06\/09\/echo-chamber-quando-un-brand-parla-da-solo\/\"]}]},{\"@type\":\"BreadcrumbList\",\"@id\":\"https:\/\/www.extrapola.com\/it\/2025\/06\/09\/echo-chamber-quando-un-brand-parla-da-solo\/#breadcrumb\",\"itemListElement\":[{\"@type\":\"ListItem\",\"position\":1,\"name\":\"Home\",\"item\":\"https:\/\/www.extrapola.com\/it\/\"},{\"@type\":\"ListItem\",\"position\":2,\"name\":\"Echo chamber: quando un brand parla da solo\"}]},{\"@type\":\"WebSite\",\"@id\":\"https:\/\/www.extrapola.com\/it\/#website\",\"url\":\"https:\/\/www.extrapola.com\/it\/\",\"name\":\"eXtrapola | Rassegna stampa online\",\"description\":\"\",\"publisher\":{\"@id\":\"https:\/\/www.extrapola.com\/it\/#organization\"},\"potentialAction\":[{\"@type\":\"SearchAction\",\"target\":{\"@type\":\"EntryPoint\",\"urlTemplate\":\"https:\/\/www.extrapola.com\/it\/?s={search_term_string}\"},\"query-input\":\"required name=search_term_string\"}],\"inLanguage\":\"en-US\"},{\"@type\":\"Organization\",\"@id\":\"https:\/\/www.extrapola.com\/it\/#organization\",\"name\":\"eXtrapola\",\"url\":\"https:\/\/www.extrapola.com\/it\/\",\"logo\":{\"@type\":\"ImageObject\",\"inLanguage\":\"en-US\",\"@id\":\"https:\/\/www.extrapola.com\/it\/#\/schema\/logo\/image\/\",\"url\":\"https:\/\/www.extrapola.com\/it\/wp-content\/uploads\/2019\/08\/WhatsApp-Image-2019-08-29-at-11.32.46.jpeg\",\"contentUrl\":\"https:\/\/www.extrapola.com\/it\/wp-content\/uploads\/2019\/08\/WhatsApp-Image-2019-08-29-at-11.32.46.jpeg\",\"width\":1554,\"height\":540,\"caption\":\"eXtrapola\"},\"image\":{\"@id\":\"https:\/\/www.extrapola.com\/it\/#\/schema\/logo\/image\/\"},\"sameAs\":[\"https:\/\/www.facebook.com\/extrapolasrl\/\",\"https:\/\/twitter.com\/eXtrapola_srl\",\"https:\/\/it.linkedin.com\/company\/extrapola-srl\",\"https:\/\/www.youtube.com\/user\/extrapolasrl\"]},{\"@type\":\"Person\",\"@id\":\"https:\/\/www.extrapola.com\/it\/#\/schema\/person\/f59720ab473e649f1e3461d7c38f2305\",\"name\":\"Marco Tomasone\",\"image\":{\"@type\":\"ImageObject\",\"inLanguage\":\"en-US\",\"@id\":\"https:\/\/www.extrapola.com\/it\/#\/schema\/person\/image\/\",\"url\":\"https:\/\/secure.gravatar.com\/avatar\/c9fb44ae6f1d9a166d4f6347438741df7c028e1c6527c5f558a4bf84ea2e74b7?s=96&d=mm&r=g\",\"contentUrl\":\"https:\/\/secure.gravatar.com\/avatar\/c9fb44ae6f1d9a166d4f6347438741df7c028e1c6527c5f558a4bf84ea2e74b7?s=96&d=mm&r=g\",\"caption\":\"Marco Tomasone\"},\"description\":\"Brand Designer | Personal Branding Specialist | Consulente Digitale | Speaker\",\"sameAs\":[\"https:\/\/www.linkedin.com\/in\/marcotomasone\/\"],\"url\":\"https:\/\/www.extrapola.com\/it\/author\/marcotomasone\/\"}]}<\/script>\n<!-- \/ Yoast SEO plugin. -->","yoast_head_json":{"title":"Echo chamber: quando un brand parla da solo - eXtrapola | Rassegna stampa online","description":"Nel mondo del branding e della comunicazione c\u2019\u00e8 un pericolo silenzioso che spesso passa inosservato: la ???? ???????. Ambienti autoreferenziali in cui si ascoltano solo le conferme ignorando le critiche.","robots":{"index":"index","follow":"follow","max-snippet":"max-snippet:-1","max-image-preview":"max-image-preview:large","max-video-preview":"max-video-preview:-1"},"canonical":"https:\/\/www.extrapola.com\/it\/2025\/06\/09\/echo-chamber-quando-un-brand-parla-da-solo\/","og_locale":"en_US","og_type":"article","og_title":"Echo chamber: quando un brand parla da solo - eXtrapola | Rassegna stampa online","og_description":"Nel mondo del branding e della comunicazione c\u2019\u00e8 un pericolo silenzioso che spesso passa inosservato: la ???? ???????. Ambienti autoreferenziali in cui si ascoltano solo le conferme ignorando le critiche.","og_url":"https:\/\/www.extrapola.com\/it\/2025\/06\/09\/echo-chamber-quando-un-brand-parla-da-solo\/","og_site_name":"eXtrapola | Rassegna stampa online","article_publisher":"https:\/\/www.facebook.com\/extrapolasrl\/","article_published_time":"2025-06-09T07:31:17+00:00","article_modified_time":"2025-06-09T07:31:22+00:00","og_image":[{"width":1789,"height":1345,"url":"https:\/\/www.extrapola.com\/it\/wp-content\/uploads\/2025\/06\/extrapola_echo.jpg","type":"image\/jpeg"}],"author":"Marco Tomasone","twitter_card":"summary_large_image","twitter_creator":"@eXtrapola_srl","twitter_site":"@eXtrapola_srl","twitter_misc":{"Written by":"Marco Tomasone","Est. reading time":"3 minutes"},"schema":{"@context":"https:\/\/schema.org","@graph":[{"@type":"Article","@id":"https:\/\/www.extrapola.com\/it\/2025\/06\/09\/echo-chamber-quando-un-brand-parla-da-solo\/#article","isPartOf":{"@id":"https:\/\/www.extrapola.com\/it\/2025\/06\/09\/echo-chamber-quando-un-brand-parla-da-solo\/"},"author":{"name":"Marco Tomasone","@id":"https:\/\/www.extrapola.com\/it\/#\/schema\/person\/f59720ab473e649f1e3461d7c38f2305"},"headline":"Echo chamber: quando un brand parla da solo","datePublished":"2025-06-09T07:31:17+00:00","dateModified":"2025-06-09T07:31:22+00:00","mainEntityOfPage":{"@id":"https:\/\/www.extrapola.com\/it\/2025\/06\/09\/echo-chamber-quando-un-brand-parla-da-solo\/"},"wordCount":600,"commentCount":0,"publisher":{"@id":"https:\/\/www.extrapola.com\/it\/#organization"},"keywords":["comunicazione","informazione","stampa"],"articleSection":["Social Media","Web Reputation"],"inLanguage":"en-US","potentialAction":[{"@type":"CommentAction","name":"Comment","target":["https:\/\/www.extrapola.com\/it\/2025\/06\/09\/echo-chamber-quando-un-brand-parla-da-solo\/#respond"]}]},{"@type":"WebPage","@id":"https:\/\/www.extrapola.com\/it\/2025\/06\/09\/echo-chamber-quando-un-brand-parla-da-solo\/","url":"https:\/\/www.extrapola.com\/it\/2025\/06\/09\/echo-chamber-quando-un-brand-parla-da-solo\/","name":"Echo chamber: quando un brand parla da solo - eXtrapola | Rassegna stampa online","isPartOf":{"@id":"https:\/\/www.extrapola.com\/it\/#website"},"datePublished":"2025-06-09T07:31:17+00:00","dateModified":"2025-06-09T07:31:22+00:00","description":"Nel mondo del branding e della comunicazione c\u2019\u00e8 un pericolo silenzioso che spesso passa inosservato: la ???? ???????. Ambienti autoreferenziali in cui si ascoltano solo le conferme ignorando le critiche.","breadcrumb":{"@id":"https:\/\/www.extrapola.com\/it\/2025\/06\/09\/echo-chamber-quando-un-brand-parla-da-solo\/#breadcrumb"},"inLanguage":"en-US","potentialAction":[{"@type":"ReadAction","target":["https:\/\/www.extrapola.com\/it\/2025\/06\/09\/echo-chamber-quando-un-brand-parla-da-solo\/"]}]},{"@type":"BreadcrumbList","@id":"https:\/\/www.extrapola.com\/it\/2025\/06\/09\/echo-chamber-quando-un-brand-parla-da-solo\/#breadcrumb","itemListElement":[{"@type":"ListItem","position":1,"name":"Home","item":"https:\/\/www.extrapola.com\/it\/"},{"@type":"ListItem","position":2,"name":"Echo chamber: quando un brand parla da solo"}]},{"@type":"WebSite","@id":"https:\/\/www.extrapola.com\/it\/#website","url":"https:\/\/www.extrapola.com\/it\/","name":"eXtrapola | Rassegna stampa online","description":"","publisher":{"@id":"https:\/\/www.extrapola.com\/it\/#organization"},"potentialAction":[{"@type":"SearchAction","target":{"@type":"EntryPoint","urlTemplate":"https:\/\/www.extrapola.com\/it\/?s={search_term_string}"},"query-input":"required name=search_term_string"}],"inLanguage":"en-US"},{"@type":"Organization","@id":"https:\/\/www.extrapola.com\/it\/#organization","name":"eXtrapola","url":"https:\/\/www.extrapola.com\/it\/","logo":{"@type":"ImageObject","inLanguage":"en-US","@id":"https:\/\/www.extrapola.com\/it\/#\/schema\/logo\/image\/","url":"https:\/\/www.extrapola.com\/it\/wp-content\/uploads\/2019\/08\/WhatsApp-Image-2019-08-29-at-11.32.46.jpeg","contentUrl":"https:\/\/www.extrapola.com\/it\/wp-content\/uploads\/2019\/08\/WhatsApp-Image-2019-08-29-at-11.32.46.jpeg","width":1554,"height":540,"caption":"eXtrapola"},"image":{"@id":"https:\/\/www.extrapola.com\/it\/#\/schema\/logo\/image\/"},"sameAs":["https:\/\/www.facebook.com\/extrapolasrl\/","https:\/\/twitter.com\/eXtrapola_srl","https:\/\/it.linkedin.com\/company\/extrapola-srl","https:\/\/www.youtube.com\/user\/extrapolasrl"]},{"@type":"Person","@id":"https:\/\/www.extrapola.com\/it\/#\/schema\/person\/f59720ab473e649f1e3461d7c38f2305","name":"Marco Tomasone","image":{"@type":"ImageObject","inLanguage":"en-US","@id":"https:\/\/www.extrapola.com\/it\/#\/schema\/person\/image\/","url":"https:\/\/secure.gravatar.com\/avatar\/c9fb44ae6f1d9a166d4f6347438741df7c028e1c6527c5f558a4bf84ea2e74b7?s=96&d=mm&r=g","contentUrl":"https:\/\/secure.gravatar.com\/avatar\/c9fb44ae6f1d9a166d4f6347438741df7c028e1c6527c5f558a4bf84ea2e74b7?s=96&d=mm&r=g","caption":"Marco Tomasone"},"description":"Brand Designer | Personal Branding Specialist | Consulente Digitale | Speaker","sameAs":["https:\/\/www.linkedin.com\/in\/marcotomasone\/"],"url":"https:\/\/www.extrapola.com\/it\/author\/marcotomasone\/"}]}},"_links":{"self":[{"href":"https:\/\/www.extrapola.com\/it\/wp-json\/wp\/v2\/posts\/53148","targetHints":{"allow":["GET"]}}],"collection":[{"href":"https:\/\/www.extrapola.com\/it\/wp-json\/wp\/v2\/posts"}],"about":[{"href":"https:\/\/www.extrapola.com\/it\/wp-json\/wp\/v2\/types\/post"}],"author":[{"embeddable":true,"href":"https:\/\/www.extrapola.com\/it\/wp-json\/wp\/v2\/users\/11"}],"replies":[{"embeddable":true,"href":"https:\/\/www.extrapola.com\/it\/wp-json\/wp\/v2\/comments?post=53148"}],"version-history":[{"count":1,"href":"https:\/\/www.extrapola.com\/it\/wp-json\/wp\/v2\/posts\/53148\/revisions"}],"predecessor-version":[{"id":53150,"href":"https:\/\/www.extrapola.com\/it\/wp-json\/wp\/v2\/posts\/53148\/revisions\/53150"}],"wp:featuredmedia":[{"embeddable":true,"href":"https:\/\/www.extrapola.com\/it\/wp-json\/wp\/v2\/media\/53149"}],"wp:attachment":[{"href":"https:\/\/www.extrapola.com\/it\/wp-json\/wp\/v2\/media?parent=53148"}],"wp:term":[{"taxonomy":"category","embeddable":true,"href":"https:\/\/www.extrapola.com\/it\/wp-json\/wp\/v2\/categories?post=53148"},{"taxonomy":"post_tag","embeddable":true,"href":"https:\/\/www.extrapola.com\/it\/wp-json\/wp\/v2\/tags?post=53148"}],"curies":[{"name":"wp","href":"https:\/\/api.w.org\/{rel}","templated":true}]}}