{"id":15418,"date":"2023-07-19T08:58:34","date_gmt":"2023-07-19T08:58:34","guid":{"rendered":"https:\/\/www.extrapola.com\/it\/?p=15418"},"modified":"2023-07-19T08:58:37","modified_gmt":"2023-07-19T08:58:37","slug":"ia-guerra-a-chi-ce-lha-piu-intelligente","status":"publish","type":"post","link":"https:\/\/www.extrapola.com\/it\/2023\/07\/19\/ia-guerra-a-chi-ce-lha-piu-intelligente\/","title":{"rendered":"IA, guerra a chi ce l&#8217;ha pi\u00f9&#8230;intelligente"},"content":{"rendered":"\n<h2 class=\"wp-block-heading\">Intelligenza Artificiale, la corsa ad averne una<\/h2>\n\n\n\n<p>Tutti i grandi colossi del web, chi prima chi dopo, sono in corsa per avere una propria <strong>Intelligenza Artificiale<\/strong> capace di elaborare dati, dare risposte, creare immagini e molto altro. Ed \u00e8 palese che tra i colossi \u00e8 battaglia per avere quella pi\u00f9 intelligente e capace di rispondere alle esigenze degli utenti.<\/p>\n\n\n\n<p>In realt\u00e0, almeno per il momento, \u00e8 pi\u00f9 una questione di ego e tornaconto personale che di reale necessit\u00e0 dell&#8217;utenza. Di fatto le attuali intelligenze artificiali che circolano sul web <em>(vedi ChatGpt, Bing IA e la nuova Bard by Google)<\/em> sono per lo pi\u00f9 utilizzate come &#8220;sfizio&#8221; piuttosto che per lavoro o reale esigenza. Certamente il futuro sar\u00e0 loro, e, appena saranno rese perfette <em>(o quasi)<\/em> potrebbero surclassare gli attuali motori di ricerca o addirittura app e software capaci di creare immagini, video e media similari.<\/p>\n\n\n\n<h2 class=\"wp-block-heading\">Google e Microsoft in testa per ora, Musk insegue<\/h2>\n\n\n\n<p><strong>ChatGpt, Bing<\/strong> e <strong>Berd<\/strong> <em>(Google)<\/em> sono attualmente le Intelligenze Artificiali pi\u00f9 utilizzate ed ottimizzate al momento. E qualcuno \u00e8 rimasto indietro&#8230;vedi <strong>Elon Musk<\/strong>, che tuttavia, ha gi\u00e0 promesso che la sua <strong>AI <\/strong>sar\u00e0 la migliore di tutte e che ci sta lavorando gi\u00e0 da svariato tempo. La sua uscita \u00e8 in ritardo in quanto vuole renderla perfetta prima del suo lancio. Verit\u00e0 o bluff? ai posteri l&#8217;ardua sentenza.<\/p>\n\n\n\n<p>Cosa si pu\u00f2 fare con queste <strong>AI<\/strong>? Beh, oltre a porre loro quesiti e dubbi, \u00e8 addirittura possibile creare immagini estremamente fedeli e fantasiose. Eccone un esempio:<\/p>\n\n\n\n<p>Richiedendo un immagine partendo dal testo <em>&#8220;L&#8217;Intelligenza Artificiale che migliora il mondo&#8221;<\/em> \u00e8 stata generata questa:<\/p>\n\n\n\n<figure class=\"wp-block-image size-full\"><img loading=\"lazy\" decoding=\"async\" width=\"1024\" height=\"1024\" src=\"https:\/\/www.extrapola.com\/it\/wp-content\/uploads\/2023\/07\/d8501304-38dc-4c9b-a922-4facf1306484.jpeg\" alt=\"Intelligenza Artificiale\" class=\"wp-image-15419\" srcset=\"https:\/\/www.extrapola.com\/it\/wp-content\/uploads\/2023\/07\/d8501304-38dc-4c9b-a922-4facf1306484.jpeg 1024w, https:\/\/www.extrapola.com\/it\/wp-content\/uploads\/2023\/07\/d8501304-38dc-4c9b-a922-4facf1306484-300x300.jpeg 300w, https:\/\/www.extrapola.com\/it\/wp-content\/uploads\/2023\/07\/d8501304-38dc-4c9b-a922-4facf1306484-150x150.jpeg 150w, https:\/\/www.extrapola.com\/it\/wp-content\/uploads\/2023\/07\/d8501304-38dc-4c9b-a922-4facf1306484-768x768.jpeg 768w, https:\/\/www.extrapola.com\/it\/wp-content\/uploads\/2023\/07\/d8501304-38dc-4c9b-a922-4facf1306484-146x146.jpeg 146w, https:\/\/www.extrapola.com\/it\/wp-content\/uploads\/2023\/07\/d8501304-38dc-4c9b-a922-4facf1306484-50x50.jpeg 50w, https:\/\/www.extrapola.com\/it\/wp-content\/uploads\/2023\/07\/d8501304-38dc-4c9b-a922-4facf1306484-75x75.jpeg 75w, https:\/\/www.extrapola.com\/it\/wp-content\/uploads\/2023\/07\/d8501304-38dc-4c9b-a922-4facf1306484-85x85.jpeg 85w, https:\/\/www.extrapola.com\/it\/wp-content\/uploads\/2023\/07\/d8501304-38dc-4c9b-a922-4facf1306484-80x80.jpeg 80w\" sizes=\"auto, (max-width: 1024px) 100vw, 1024px\" \/><figcaption class=\"wp-element-caption\">(Immagine creata con Bing AI Image Creator)<\/figcaption><\/figure>\n\n\n\n<p>Inoltre \u00e8 possibile creare interi testi <em>(magari a pagamento)<\/em>, saggi, romanzi e traduzioni. Quanto questo potr\u00e0 influire sulla fantasia e la creativit\u00e0, potete intuirlo da soli.<\/p>\n\n\n\n<h2 class=\"wp-block-heading\">L&#8217;AI in guerra<\/h2>\n\n\n\n<p>Ci\u00f2 che preoccupa maggiormente creatori ed esperti di <strong>IA<\/strong> \u00e8 la sua possibile applicazione in campo militare. Cosa che di fatto gi\u00e0 avviene in <strong>Ucraina<\/strong> ad esempio. Ad esempio relativamente alla ricognizione geografica ed il riconoscimento dei bersagli. In questo campo ad esempio l&#8217;Ucraina \u00e8 sorprendentemente in vantaggio in tal senso rispetto alla Russia, e questo di fatto, al momento, sta mantenendo l&#8217;equilibrio nel conflitto tra i due paesi. Ma ci sar\u00e0 un&#8217;etica sul suo utilizzo militare? i precedenti della storia dicono chiaramente di no <em>(vedi la scoperta dell&#8217;atomica ed il suo utilizzo)<\/em>.<\/p>\n\n\n\n<p class=\"has-medium-font-size\"><strong>Fin dove si spingeranno le Intelligenze Artificiali? le utilizzate gi\u00e0 nella vita di ogni giorno? se si fateci sapere come commentando l&#8217;articolo sui nostri social <a href=\"https:\/\/www.facebook.com\/extrapolasrl\" target=\"_blank\" rel=\"noreferrer noopener\">Facebook<\/a>, <a href=\"https:\/\/twitter.com\/Extrapola_srl\" target=\"_blank\" rel=\"noreferrer noopener\">Twitter<\/a> e <a href=\"https:\/\/www.linkedin.com\/company\/125568\/admin\/feed\/posts\/\" target=\"_blank\" rel=\"noreferrer noopener\">Linkedin<\/a>.<\/strong><\/p>\n","protected":false},"excerpt":{"rendered":"<p>Intelligenza Artificiale, la corsa ad averne una Tutti i grandi colossi del web, chi prima chi dopo, sono in corsa per avere una propria Intelligenza Artificiale<span class=\"excerpt-hellip\"> [\u2026]<\/span><\/p>\n","protected":false},"author":9,"featured_media":15420,"comment_status":"open","ping_status":"open","sticky":false,"template":"","format":"standard","meta":{"footnotes":""},"categories":[44],"tags":[104,117,77,74,60,119,73,118,72,88,24],"class_list":["post-15418","post","type-post","status-publish","format-standard","has-post-thumbnail","hentry","category-news","tag-ai","tag-bard","tag-bing","tag-chat-gpt","tag-gnews","tag-guerra","tag-ia","tag-image-creator","tag-intelligenza-artificiale","tag-musk","tag-web"],"yoast_head":"<!-- This site is optimized with the Yoast SEO plugin v20.3 - https:\/\/yoast.com\/wordpress\/plugins\/seo\/ -->\n<title>IA, guerra a chi ce l&#039;ha pi\u00f9...intelligente - eXtrapola | Rassegna stampa online<\/title>\n<meta name=\"description\" content=\"Intelligenza Artificiale e la guerra a chi ce l&#039;ha pi\u00f9...intelligente. Chi forger\u00e0 quella pi\u00f9 sveglia ed utile all&#039;umanit\u00e0?\" \/>\n<meta name=\"robots\" content=\"index, follow, max-snippet:-1, max-image-preview:large, max-video-preview:-1\" \/>\n<link rel=\"canonical\" href=\"https:\/\/www.extrapola.com\/it\/2023\/07\/19\/ia-guerra-a-chi-ce-lha-piu-intelligente\/\" \/>\n<meta property=\"og:locale\" content=\"en_US\" \/>\n<meta property=\"og:type\" content=\"article\" \/>\n<meta property=\"og:title\" content=\"IA, guerra a chi ce l&#039;ha pi\u00f9...intelligente - eXtrapola | Rassegna stampa online\" \/>\n<meta property=\"og:description\" content=\"Intelligenza Artificiale e la guerra a chi ce l&#039;ha pi\u00f9...intelligente. Chi forger\u00e0 quella pi\u00f9 sveglia ed utile all&#039;umanit\u00e0?\" \/>\n<meta property=\"og:url\" content=\"https:\/\/www.extrapola.com\/it\/2023\/07\/19\/ia-guerra-a-chi-ce-lha-piu-intelligente\/\" \/>\n<meta property=\"og:site_name\" content=\"eXtrapola | Rassegna stampa online\" \/>\n<meta property=\"article:publisher\" content=\"https:\/\/www.facebook.com\/extrapolasrl\/\" \/>\n<meta property=\"article:published_time\" content=\"2023-07-19T08:58:34+00:00\" \/>\n<meta property=\"article:modified_time\" content=\"2023-07-19T08:58:37+00:00\" \/>\n<meta property=\"og:image\" content=\"https:\/\/www.extrapola.com\/it\/wp-content\/uploads\/2023\/07\/intelligenza-artificiale.jpeg\" \/>\n\t<meta property=\"og:image:width\" content=\"1024\" \/>\n\t<meta property=\"og:image:height\" content=\"1024\" \/>\n\t<meta property=\"og:image:type\" content=\"image\/jpeg\" \/>\n<meta name=\"author\" content=\"Giovanni Saracino\" \/>\n<meta name=\"twitter:card\" content=\"summary_large_image\" \/>\n<meta name=\"twitter:creator\" content=\"@eXtrapola_srl\" \/>\n<meta name=\"twitter:site\" content=\"@eXtrapola_srl\" \/>\n<meta name=\"twitter:label1\" content=\"Written by\" \/>\n\t<meta name=\"twitter:data1\" content=\"Giovanni Saracino\" \/>\n\t<meta name=\"twitter:label2\" content=\"Est. reading time\" \/>\n\t<meta name=\"twitter:data2\" content=\"3 minutes\" \/>\n<script type=\"application\/ld+json\" class=\"yoast-schema-graph\">{\"@context\":\"https:\/\/schema.org\",\"@graph\":[{\"@type\":\"Article\",\"@id\":\"https:\/\/www.extrapola.com\/it\/2023\/07\/19\/ia-guerra-a-chi-ce-lha-piu-intelligente\/#article\",\"isPartOf\":{\"@id\":\"https:\/\/www.extrapola.com\/it\/2023\/07\/19\/ia-guerra-a-chi-ce-lha-piu-intelligente\/\"},\"author\":{\"name\":\"Giovanni Saracino\",\"@id\":\"https:\/\/www.extrapola.com\/it\/#\/schema\/person\/434bcd3d4babdbad123acc9febc6bff9\"},\"headline\":\"IA, guerra a chi ce l&#8217;ha pi\u00f9&#8230;intelligente\",\"datePublished\":\"2023-07-19T08:58:34+00:00\",\"dateModified\":\"2023-07-19T08:58:37+00:00\",\"mainEntityOfPage\":{\"@id\":\"https:\/\/www.extrapola.com\/it\/2023\/07\/19\/ia-guerra-a-chi-ce-lha-piu-intelligente\/\"},\"wordCount\":432,\"commentCount\":0,\"publisher\":{\"@id\":\"https:\/\/www.extrapola.com\/it\/#organization\"},\"keywords\":[\"ai\",\"bard\",\"bing\",\"chat gpt\",\"gnews\",\"guerra\",\"ia\",\"image creator\",\"intelligenza artificiale\",\"Musk\",\"Web\"],\"articleSection\":[\"News\"],\"inLanguage\":\"en-US\",\"potentialAction\":[{\"@type\":\"CommentAction\",\"name\":\"Comment\",\"target\":[\"https:\/\/www.extrapola.com\/it\/2023\/07\/19\/ia-guerra-a-chi-ce-lha-piu-intelligente\/#respond\"]}]},{\"@type\":\"WebPage\",\"@id\":\"https:\/\/www.extrapola.com\/it\/2023\/07\/19\/ia-guerra-a-chi-ce-lha-piu-intelligente\/\",\"url\":\"https:\/\/www.extrapola.com\/it\/2023\/07\/19\/ia-guerra-a-chi-ce-lha-piu-intelligente\/\",\"name\":\"IA, guerra a chi ce l'ha pi\u00f9...intelligente - eXtrapola | Rassegna stampa online\",\"isPartOf\":{\"@id\":\"https:\/\/www.extrapola.com\/it\/#website\"},\"datePublished\":\"2023-07-19T08:58:34+00:00\",\"dateModified\":\"2023-07-19T08:58:37+00:00\",\"description\":\"Intelligenza Artificiale e la guerra a chi ce l'ha pi\u00f9...intelligente. Chi forger\u00e0 quella pi\u00f9 sveglia ed utile all'umanit\u00e0?\",\"breadcrumb\":{\"@id\":\"https:\/\/www.extrapola.com\/it\/2023\/07\/19\/ia-guerra-a-chi-ce-lha-piu-intelligente\/#breadcrumb\"},\"inLanguage\":\"en-US\",\"potentialAction\":[{\"@type\":\"ReadAction\",\"target\":[\"https:\/\/www.extrapola.com\/it\/2023\/07\/19\/ia-guerra-a-chi-ce-lha-piu-intelligente\/\"]}]},{\"@type\":\"BreadcrumbList\",\"@id\":\"https:\/\/www.extrapola.com\/it\/2023\/07\/19\/ia-guerra-a-chi-ce-lha-piu-intelligente\/#breadcrumb\",\"itemListElement\":[{\"@type\":\"ListItem\",\"position\":1,\"name\":\"Home\",\"item\":\"https:\/\/www.extrapola.com\/it\/\"},{\"@type\":\"ListItem\",\"position\":2,\"name\":\"IA, guerra a chi ce l&#8217;ha pi\u00f9&#8230;intelligente\"}]},{\"@type\":\"WebSite\",\"@id\":\"https:\/\/www.extrapola.com\/it\/#website\",\"url\":\"https:\/\/www.extrapola.com\/it\/\",\"name\":\"eXtrapola | Rassegna stampa online\",\"description\":\"\",\"publisher\":{\"@id\":\"https:\/\/www.extrapola.com\/it\/#organization\"},\"potentialAction\":[{\"@type\":\"SearchAction\",\"target\":{\"@type\":\"EntryPoint\",\"urlTemplate\":\"https:\/\/www.extrapola.com\/it\/?s={search_term_string}\"},\"query-input\":\"required name=search_term_string\"}],\"inLanguage\":\"en-US\"},{\"@type\":\"Organization\",\"@id\":\"https:\/\/www.extrapola.com\/it\/#organization\",\"name\":\"eXtrapola\",\"url\":\"https:\/\/www.extrapola.com\/it\/\",\"logo\":{\"@type\":\"ImageObject\",\"inLanguage\":\"en-US\",\"@id\":\"https:\/\/www.extrapola.com\/it\/#\/schema\/logo\/image\/\",\"url\":\"https:\/\/www.extrapola.com\/it\/wp-content\/uploads\/2019\/08\/WhatsApp-Image-2019-08-29-at-11.32.46.jpeg\",\"contentUrl\":\"https:\/\/www.extrapola.com\/it\/wp-content\/uploads\/2019\/08\/WhatsApp-Image-2019-08-29-at-11.32.46.jpeg\",\"width\":1554,\"height\":540,\"caption\":\"eXtrapola\"},\"image\":{\"@id\":\"https:\/\/www.extrapola.com\/it\/#\/schema\/logo\/image\/\"},\"sameAs\":[\"https:\/\/www.facebook.com\/extrapolasrl\/\",\"https:\/\/twitter.com\/eXtrapola_srl\",\"https:\/\/it.linkedin.com\/company\/extrapola-srl\",\"https:\/\/www.youtube.com\/user\/extrapolasrl\"]},{\"@type\":\"Person\",\"@id\":\"https:\/\/www.extrapola.com\/it\/#\/schema\/person\/434bcd3d4babdbad123acc9febc6bff9\",\"name\":\"Giovanni Saracino\",\"image\":{\"@type\":\"ImageObject\",\"inLanguage\":\"en-US\",\"@id\":\"https:\/\/www.extrapola.com\/it\/#\/schema\/person\/image\/\",\"url\":\"https:\/\/secure.gravatar.com\/avatar\/c1cbbcdb7d25ff0dd7dcd437c05ee956a1cff82c87b4d4dba4ddddf5864395b9?s=96&d=mm&r=g\",\"contentUrl\":\"https:\/\/secure.gravatar.com\/avatar\/c1cbbcdb7d25ff0dd7dcd437c05ee956a1cff82c87b4d4dba4ddddf5864395b9?s=96&d=mm&r=g\",\"caption\":\"Giovanni Saracino\"},\"description\":\"Redattore di Rassegna Stampa per eXtrapola srl Social Media Manager per eXtrapola srl Laureato in Lettere Moderne presso Universit\u00e0 Guglielmo Marconi Master in Media Relations e Comunicazione Digitale presso Professional DataGest\",\"url\":\"https:\/\/www.extrapola.com\/it\/author\/giovanni-saracino\/\"}]}<\/script>\n<!-- \/ Yoast SEO plugin. -->","yoast_head_json":{"title":"IA, guerra a chi ce l'ha pi\u00f9...intelligente - eXtrapola | Rassegna stampa online","description":"Intelligenza Artificiale e la guerra a chi ce l'ha pi\u00f9...intelligente. Chi forger\u00e0 quella pi\u00f9 sveglia ed utile all'umanit\u00e0?","robots":{"index":"index","follow":"follow","max-snippet":"max-snippet:-1","max-image-preview":"max-image-preview:large","max-video-preview":"max-video-preview:-1"},"canonical":"https:\/\/www.extrapola.com\/it\/2023\/07\/19\/ia-guerra-a-chi-ce-lha-piu-intelligente\/","og_locale":"en_US","og_type":"article","og_title":"IA, guerra a chi ce l'ha pi\u00f9...intelligente - eXtrapola | Rassegna stampa online","og_description":"Intelligenza Artificiale e la guerra a chi ce l'ha pi\u00f9...intelligente. Chi forger\u00e0 quella pi\u00f9 sveglia ed utile all'umanit\u00e0?","og_url":"https:\/\/www.extrapola.com\/it\/2023\/07\/19\/ia-guerra-a-chi-ce-lha-piu-intelligente\/","og_site_name":"eXtrapola | Rassegna stampa online","article_publisher":"https:\/\/www.facebook.com\/extrapolasrl\/","article_published_time":"2023-07-19T08:58:34+00:00","article_modified_time":"2023-07-19T08:58:37+00:00","og_image":[{"width":1024,"height":1024,"url":"https:\/\/www.extrapola.com\/it\/wp-content\/uploads\/2023\/07\/intelligenza-artificiale.jpeg","type":"image\/jpeg"}],"author":"Giovanni Saracino","twitter_card":"summary_large_image","twitter_creator":"@eXtrapola_srl","twitter_site":"@eXtrapola_srl","twitter_misc":{"Written by":"Giovanni Saracino","Est. reading time":"3 minutes"},"schema":{"@context":"https:\/\/schema.org","@graph":[{"@type":"Article","@id":"https:\/\/www.extrapola.com\/it\/2023\/07\/19\/ia-guerra-a-chi-ce-lha-piu-intelligente\/#article","isPartOf":{"@id":"https:\/\/www.extrapola.com\/it\/2023\/07\/19\/ia-guerra-a-chi-ce-lha-piu-intelligente\/"},"author":{"name":"Giovanni Saracino","@id":"https:\/\/www.extrapola.com\/it\/#\/schema\/person\/434bcd3d4babdbad123acc9febc6bff9"},"headline":"IA, guerra a chi ce l&#8217;ha pi\u00f9&#8230;intelligente","datePublished":"2023-07-19T08:58:34+00:00","dateModified":"2023-07-19T08:58:37+00:00","mainEntityOfPage":{"@id":"https:\/\/www.extrapola.com\/it\/2023\/07\/19\/ia-guerra-a-chi-ce-lha-piu-intelligente\/"},"wordCount":432,"commentCount":0,"publisher":{"@id":"https:\/\/www.extrapola.com\/it\/#organization"},"keywords":["ai","bard","bing","chat gpt","gnews","guerra","ia","image creator","intelligenza artificiale","Musk","Web"],"articleSection":["News"],"inLanguage":"en-US","potentialAction":[{"@type":"CommentAction","name":"Comment","target":["https:\/\/www.extrapola.com\/it\/2023\/07\/19\/ia-guerra-a-chi-ce-lha-piu-intelligente\/#respond"]}]},{"@type":"WebPage","@id":"https:\/\/www.extrapola.com\/it\/2023\/07\/19\/ia-guerra-a-chi-ce-lha-piu-intelligente\/","url":"https:\/\/www.extrapola.com\/it\/2023\/07\/19\/ia-guerra-a-chi-ce-lha-piu-intelligente\/","name":"IA, guerra a chi ce l'ha pi\u00f9...intelligente - eXtrapola | Rassegna stampa online","isPartOf":{"@id":"https:\/\/www.extrapola.com\/it\/#website"},"datePublished":"2023-07-19T08:58:34+00:00","dateModified":"2023-07-19T08:58:37+00:00","description":"Intelligenza Artificiale e la guerra a chi ce l'ha pi\u00f9...intelligente. Chi forger\u00e0 quella pi\u00f9 sveglia ed utile all'umanit\u00e0?","breadcrumb":{"@id":"https:\/\/www.extrapola.com\/it\/2023\/07\/19\/ia-guerra-a-chi-ce-lha-piu-intelligente\/#breadcrumb"},"inLanguage":"en-US","potentialAction":[{"@type":"ReadAction","target":["https:\/\/www.extrapola.com\/it\/2023\/07\/19\/ia-guerra-a-chi-ce-lha-piu-intelligente\/"]}]},{"@type":"BreadcrumbList","@id":"https:\/\/www.extrapola.com\/it\/2023\/07\/19\/ia-guerra-a-chi-ce-lha-piu-intelligente\/#breadcrumb","itemListElement":[{"@type":"ListItem","position":1,"name":"Home","item":"https:\/\/www.extrapola.com\/it\/"},{"@type":"ListItem","position":2,"name":"IA, guerra a chi ce l&#8217;ha pi\u00f9&#8230;intelligente"}]},{"@type":"WebSite","@id":"https:\/\/www.extrapola.com\/it\/#website","url":"https:\/\/www.extrapola.com\/it\/","name":"eXtrapola | Rassegna stampa online","description":"","publisher":{"@id":"https:\/\/www.extrapola.com\/it\/#organization"},"potentialAction":[{"@type":"SearchAction","target":{"@type":"EntryPoint","urlTemplate":"https:\/\/www.extrapola.com\/it\/?s={search_term_string}"},"query-input":"required name=search_term_string"}],"inLanguage":"en-US"},{"@type":"Organization","@id":"https:\/\/www.extrapola.com\/it\/#organization","name":"eXtrapola","url":"https:\/\/www.extrapola.com\/it\/","logo":{"@type":"ImageObject","inLanguage":"en-US","@id":"https:\/\/www.extrapola.com\/it\/#\/schema\/logo\/image\/","url":"https:\/\/www.extrapola.com\/it\/wp-content\/uploads\/2019\/08\/WhatsApp-Image-2019-08-29-at-11.32.46.jpeg","contentUrl":"https:\/\/www.extrapola.com\/it\/wp-content\/uploads\/2019\/08\/WhatsApp-Image-2019-08-29-at-11.32.46.jpeg","width":1554,"height":540,"caption":"eXtrapola"},"image":{"@id":"https:\/\/www.extrapola.com\/it\/#\/schema\/logo\/image\/"},"sameAs":["https:\/\/www.facebook.com\/extrapolasrl\/","https:\/\/twitter.com\/eXtrapola_srl","https:\/\/it.linkedin.com\/company\/extrapola-srl","https:\/\/www.youtube.com\/user\/extrapolasrl"]},{"@type":"Person","@id":"https:\/\/www.extrapola.com\/it\/#\/schema\/person\/434bcd3d4babdbad123acc9febc6bff9","name":"Giovanni Saracino","image":{"@type":"ImageObject","inLanguage":"en-US","@id":"https:\/\/www.extrapola.com\/it\/#\/schema\/person\/image\/","url":"https:\/\/secure.gravatar.com\/avatar\/c1cbbcdb7d25ff0dd7dcd437c05ee956a1cff82c87b4d4dba4ddddf5864395b9?s=96&d=mm&r=g","contentUrl":"https:\/\/secure.gravatar.com\/avatar\/c1cbbcdb7d25ff0dd7dcd437c05ee956a1cff82c87b4d4dba4ddddf5864395b9?s=96&d=mm&r=g","caption":"Giovanni Saracino"},"description":"Redattore di Rassegna Stampa per eXtrapola srl Social Media Manager per eXtrapola srl Laureato in Lettere Moderne presso Universit\u00e0 Guglielmo Marconi Master in Media Relations e Comunicazione Digitale presso Professional DataGest","url":"https:\/\/www.extrapola.com\/it\/author\/giovanni-saracino\/"}]}},"_links":{"self":[{"href":"https:\/\/www.extrapola.com\/it\/wp-json\/wp\/v2\/posts\/15418","targetHints":{"allow":["GET"]}}],"collection":[{"href":"https:\/\/www.extrapola.com\/it\/wp-json\/wp\/v2\/posts"}],"about":[{"href":"https:\/\/www.extrapola.com\/it\/wp-json\/wp\/v2\/types\/post"}],"author":[{"embeddable":true,"href":"https:\/\/www.extrapola.com\/it\/wp-json\/wp\/v2\/users\/9"}],"replies":[{"embeddable":true,"href":"https:\/\/www.extrapola.com\/it\/wp-json\/wp\/v2\/comments?post=15418"}],"version-history":[{"count":0,"href":"https:\/\/www.extrapola.com\/it\/wp-json\/wp\/v2\/posts\/15418\/revisions"}],"wp:featuredmedia":[{"embeddable":true,"href":"https:\/\/www.extrapola.com\/it\/wp-json\/wp\/v2\/media\/15420"}],"wp:attachment":[{"href":"https:\/\/www.extrapola.com\/it\/wp-json\/wp\/v2\/media?parent=15418"}],"wp:term":[{"taxonomy":"category","embeddable":true,"href":"https:\/\/www.extrapola.com\/it\/wp-json\/wp\/v2\/categories?post=15418"},{"taxonomy":"post_tag","embeddable":true,"href":"https:\/\/www.extrapola.com\/it\/wp-json\/wp\/v2\/tags?post=15418"}],"curies":[{"name":"wp","href":"https:\/\/api.w.org\/{rel}","templated":true}]}}