{"id":14623,"date":"2023-07-05T15:57:25","date_gmt":"2023-07-05T15:57:25","guid":{"rendered":"https:\/\/www.extrapola.com\/it\/?p=14623"},"modified":"2023-07-05T15:57:29","modified_gmt":"2023-07-05T15:57:29","slug":"arriva-threads-lalternativa-di-meta-a-twitter","status":"publish","type":"post","link":"https:\/\/www.extrapola.com\/it\/2023\/07\/05\/arriva-threads-lalternativa-di-meta-a-twitter\/","title":{"rendered":"Arriva Threads, l&#8217;alternativa di Meta a Twitter"},"content":{"rendered":"\n<h2 class=\"wp-block-heading\">Threads, in arrivo domani<\/h2>\n\n\n\n<p>Se ne parlava da mesi, tra rumours, notizie trapelate ed insinuazioni, <strong>Threads<\/strong> \u00e8 finalmente realt\u00e0! In realt\u00e0 noi di <strong>eXtrapola<\/strong> ve ne avevamo gi\u00e0 parlato qualche settimana fa, proprio <a href=\"https:\/\/www.extrapola.com\/it\/2023\/05\/30\/nuovo-social-made-in-meta-in-arrivo\/\" target=\"_blank\" rel=\"noreferrer noopener\"><strong>QUI<\/strong><\/a>.<\/p>\n\n\n\n<p><strong>Threads<\/strong> ha l&#8217;ambizione di competere ufficialmente con <strong>Twitter<\/strong> per la supremazia del &#8220;commento social&#8221; ad eventi, notizie, post, gossip e molto altro. Il che ci fa pensare che <strong>Threads<\/strong>, la cui data di lancio sar\u00e0 domani 6 luglio alle ore sette <em>(ora della costa americana del Pacifico)<\/em>, non far\u00e0 molta fatica ad affermarsi a macchia d&#8217;olio in poco tempo. Non sappiamo ancora se sar\u00e0 disponibile in tutto il mondo sin da domani, <a href=\"https:\/\/twitter.com\/Extrapola_srl\" target=\"_blank\" rel=\"noreferrer noopener\">ma saremo pronti ad aggiornarvi a riguardo sulla nostra pagina Twitter<\/a>.<\/p>\n\n\n\n<p>Sicuramente si diffonder\u00e0 in fretta, in quanto sar\u00e0 direttamente collegata ad <strong>Instagram<\/strong>, e quindi sar\u00e0 il social gi\u00e0 esistente a proporci di iscriverci <em>(o meglio, per chi ha gi\u00e0 Instagram, aderire al nuovo social con le stesse credenziali, foto, etc&#8230;)<\/em> e prendere cos\u00ec parte attiva sul nuovo social network Made in <strong>Meta<\/strong>.<\/p>\n\n\n\n<h2 class=\"wp-block-heading\">Threads, come funziona?<\/h2>\n\n\n\n<p><a href=\"https:\/\/www.extrapola.com\/it\/2023\/05\/30\/nuovo-social-made-in-meta-in-arrivo\/\" target=\"_blank\" rel=\"noreferrer noopener\">Anche in questo caso ve ne avevamo gi\u00e0 parlato nelle indiscrezioni relative a P92<\/a> ed il funzionamento non \u00e8 di certo cambiato pi\u00f9 di tanto tra la messa a punto del nuovo social e quella che sar\u00e0 la sua versione di lancio.<\/p>\n\n\n\n<p>Si tratta di un social esclusivamente testuale, in cui ogni utente potr\u00e0 &#8220;postare&#8221; del testo, e questo potr\u00e0 essere commentato dagli altri utenti. Esattamente come <strong>Twitter<\/strong> appunto.<\/p>\n\n\n\n<p>Che <strong>Mark Zuckerberg<\/strong> abbia colto la palla al balzo della crisi del social network completamente stravolto da <strong>Elon Musk<\/strong> \u00e8 indubbio. In fondo da bravo imprenditore qual \u00e8, poteva lasciarsi scappare l&#8217;opportunit\u00e0 di ereditare gli utenti in fuga dal social network dell&#8217;uccellino? Certo che no.<\/p>\n\n\n\n<figure class=\"wp-block-image size-large\"><img loading=\"lazy\" decoding=\"async\" width=\"1024\" height=\"630\" src=\"https:\/\/www.extrapola.com\/it\/wp-content\/uploads\/2023\/07\/image-1024x630.png\" alt=\"\" class=\"wp-image-14625\" srcset=\"https:\/\/www.extrapola.com\/it\/wp-content\/uploads\/2023\/07\/image-1024x630.png 1024w, https:\/\/www.extrapola.com\/it\/wp-content\/uploads\/2023\/07\/image-300x185.png 300w, https:\/\/www.extrapola.com\/it\/wp-content\/uploads\/2023\/07\/image-768x472.png 768w, https:\/\/www.extrapola.com\/it\/wp-content\/uploads\/2023\/07\/image-237x146.png 237w, https:\/\/www.extrapola.com\/it\/wp-content\/uploads\/2023\/07\/image-50x31.png 50w, https:\/\/www.extrapola.com\/it\/wp-content\/uploads\/2023\/07\/image-122x75.png 122w, https:\/\/www.extrapola.com\/it\/wp-content\/uploads\/2023\/07\/image.png 1200w\" sizes=\"auto, (max-width: 1024px) 100vw, 1024px\" \/><figcaption class=\"wp-element-caption\"><em>Mark Zuckerberg, CEO di Meta (a sinistra), Elon Musk, CEO di X Corp (Twitter, sulla destra) (Fonte: NDTV)<\/em><\/figcaption><\/figure>\n\n\n\n<h2 class=\"wp-block-heading\">Threads vs Twitter, una lotta sul ring<\/h2>\n\n\n\n<p>Nelle scorse settimane si era addirittura vociferato di un possibile scontro sul ring tra <strong>Mark Zuckerberg<\/strong>, CEO di <strong>Meta<\/strong> e fondatore del nuovo social <strong>Threads<\/strong> ed <strong>Elon Musk<\/strong>, CEO di <strong>X Corp<\/strong>, per via dei loro recenti battibecchi sui social, proprio relativi alle idee relative alla gestione delle rispettive aziende <em>(e social network a loro collegati)<\/em>. Indiscrezioni volevano anche che il governo italiano si fosse proposto di ospitare l&#8217;incontro al Colosseo, a Roma. Era ovviamente una bufala, a cui tuttavia, almeno inizialmente, pi\u00f9 di qualche media aveva creduto per qualche ora&#8230;<\/p>\n\n\n\n<p class=\"has-medium-font-size\"><strong>Riuscir\u00e0 quindi Threads ad imporsi nel mercato dei social e soprattutto sopraffare Twitter? lo scopriremo nei prossimi mesi. Nel frattempo tenetevi pronti, Threads sta arrivando, e sar\u00e0 difficile farne a meno, per tutti. Ed anche noi di eXtrapola siamo gi\u00e0 a lavoro per fornire quanto prima anche il monitoraggio di questo nuovo social made in Meta.<\/strong><\/p>\n\n\n\n<p>Seguiteci anche su <a href=\"https:\/\/www.linkedin.com\/company\/125568\/\" target=\"_blank\" rel=\"noreferrer noopener\"><strong>Linkedin<\/strong><\/a> e<a href=\"https:\/\/www.facebook.com\/extrapolasrl\" target=\"_blank\" rel=\"noreferrer noopener\"> <strong>Facebook<\/strong><\/a> per restare sempre aggiornati riguardo tutte le novit\u00e0 sul mondo dei social network, della comunicazione e molto, molto altro.<\/p>\n","protected":false},"excerpt":{"rendered":"<p>Threads, in arrivo domani Se ne parlava da mesi, tra rumours, notizie trapelate ed insinuazioni, Threads \u00e8 finalmente realt\u00e0! In realt\u00e0 noi di eXtrapola ve ne<span class=\"excerpt-hellip\"> [\u2026]<\/span><\/p>\n","protected":false},"author":9,"featured_media":14624,"comment_status":"open","ping_status":"open","sticky":false,"template":"","format":"standard","meta":{"footnotes":""},"categories":[44,34],"tags":[89,60,96,94,88,59,116,92,86,115,87,114,95],"class_list":["post-14623","post","type-post","status-publish","format-standard","has-post-thumbnail","hentry","category-news","category-social-media","tag-elon-musk","tag-gnews","tag-mark-zuckerberg","tag-meta","tag-musk","tag-news","tag-nuovo-social","tag-social","tag-social-network","tag-threads","tag-twitter","tag-x-corp","tag-zuckerberg"],"yoast_head":"<!-- This site is optimized with the Yoast SEO plugin v20.3 - https:\/\/yoast.com\/wordpress\/plugins\/seo\/ -->\n<title>Arriva Threads, l&#039;alternativa di Meta a Twitter - eXtrapola | Rassegna stampa online<\/title>\n<meta name=\"description\" content=\"Threads \u00e8 il nuovo social network made in Meta, l&#039;obiettivo? fare concorrenza a Twitter e sopraffare il social dell&#039;uccellino. Ce la far\u00e0?\" \/>\n<meta name=\"robots\" content=\"index, follow, max-snippet:-1, max-image-preview:large, max-video-preview:-1\" \/>\n<link rel=\"canonical\" href=\"https:\/\/www.extrapola.com\/it\/2023\/07\/05\/arriva-threads-lalternativa-di-meta-a-twitter\/\" \/>\n<meta property=\"og:locale\" content=\"en_US\" \/>\n<meta property=\"og:type\" content=\"article\" \/>\n<meta property=\"og:title\" content=\"Arriva Threads, l&#039;alternativa di Meta a Twitter - eXtrapola | Rassegna stampa online\" \/>\n<meta property=\"og:description\" content=\"Threads \u00e8 il nuovo social network made in Meta, l&#039;obiettivo? fare concorrenza a Twitter e sopraffare il social dell&#039;uccellino. Ce la far\u00e0?\" \/>\n<meta property=\"og:url\" content=\"https:\/\/www.extrapola.com\/it\/2023\/07\/05\/arriva-threads-lalternativa-di-meta-a-twitter\/\" \/>\n<meta property=\"og:site_name\" content=\"eXtrapola | Rassegna stampa online\" \/>\n<meta property=\"article:publisher\" content=\"https:\/\/www.facebook.com\/extrapolasrl\/\" \/>\n<meta property=\"article:published_time\" content=\"2023-07-05T15:57:25+00:00\" \/>\n<meta property=\"article:modified_time\" content=\"2023-07-05T15:57:29+00:00\" \/>\n<meta property=\"og:image\" content=\"https:\/\/www.extrapola.com\/it\/wp-content\/uploads\/2023\/07\/threads.jpg\" \/>\n\t<meta property=\"og:image:width\" content=\"1920\" \/>\n\t<meta property=\"og:image:height\" content=\"1080\" \/>\n\t<meta property=\"og:image:type\" content=\"image\/jpeg\" \/>\n<meta name=\"author\" content=\"Giovanni Saracino\" \/>\n<meta name=\"twitter:card\" content=\"summary_large_image\" \/>\n<meta name=\"twitter:creator\" content=\"@eXtrapola_srl\" \/>\n<meta name=\"twitter:site\" content=\"@eXtrapola_srl\" \/>\n<meta name=\"twitter:label1\" content=\"Written by\" \/>\n\t<meta name=\"twitter:data1\" content=\"Giovanni Saracino\" \/>\n\t<meta name=\"twitter:label2\" content=\"Est. reading time\" \/>\n\t<meta name=\"twitter:data2\" content=\"3 minutes\" \/>\n<script type=\"application\/ld+json\" class=\"yoast-schema-graph\">{\"@context\":\"https:\/\/schema.org\",\"@graph\":[{\"@type\":\"Article\",\"@id\":\"https:\/\/www.extrapola.com\/it\/2023\/07\/05\/arriva-threads-lalternativa-di-meta-a-twitter\/#article\",\"isPartOf\":{\"@id\":\"https:\/\/www.extrapola.com\/it\/2023\/07\/05\/arriva-threads-lalternativa-di-meta-a-twitter\/\"},\"author\":{\"name\":\"Giovanni Saracino\",\"@id\":\"https:\/\/www.extrapola.com\/it\/#\/schema\/person\/434bcd3d4babdbad123acc9febc6bff9\"},\"headline\":\"Arriva Threads, l&#8217;alternativa di Meta a Twitter\",\"datePublished\":\"2023-07-05T15:57:25+00:00\",\"dateModified\":\"2023-07-05T15:57:29+00:00\",\"mainEntityOfPage\":{\"@id\":\"https:\/\/www.extrapola.com\/it\/2023\/07\/05\/arriva-threads-lalternativa-di-meta-a-twitter\/\"},\"wordCount\":491,\"commentCount\":0,\"publisher\":{\"@id\":\"https:\/\/www.extrapola.com\/it\/#organization\"},\"keywords\":[\"Elon Musk\",\"gnews\",\"Mark Zuckerberg\",\"Meta\",\"Musk\",\"news\",\"nuovo social\",\"social\",\"social network\",\"Threads\",\"Twitter\",\"X Corp\",\"Zuckerberg\"],\"articleSection\":[\"News\",\"Social Media\"],\"inLanguage\":\"en-US\",\"potentialAction\":[{\"@type\":\"CommentAction\",\"name\":\"Comment\",\"target\":[\"https:\/\/www.extrapola.com\/it\/2023\/07\/05\/arriva-threads-lalternativa-di-meta-a-twitter\/#respond\"]}]},{\"@type\":\"WebPage\",\"@id\":\"https:\/\/www.extrapola.com\/it\/2023\/07\/05\/arriva-threads-lalternativa-di-meta-a-twitter\/\",\"url\":\"https:\/\/www.extrapola.com\/it\/2023\/07\/05\/arriva-threads-lalternativa-di-meta-a-twitter\/\",\"name\":\"Arriva Threads, l'alternativa di Meta a Twitter - eXtrapola | Rassegna stampa online\",\"isPartOf\":{\"@id\":\"https:\/\/www.extrapola.com\/it\/#website\"},\"datePublished\":\"2023-07-05T15:57:25+00:00\",\"dateModified\":\"2023-07-05T15:57:29+00:00\",\"description\":\"Threads \u00e8 il nuovo social network made in Meta, l'obiettivo? fare concorrenza a Twitter e sopraffare il social dell'uccellino. Ce la far\u00e0?\",\"breadcrumb\":{\"@id\":\"https:\/\/www.extrapola.com\/it\/2023\/07\/05\/arriva-threads-lalternativa-di-meta-a-twitter\/#breadcrumb\"},\"inLanguage\":\"en-US\",\"potentialAction\":[{\"@type\":\"ReadAction\",\"target\":[\"https:\/\/www.extrapola.com\/it\/2023\/07\/05\/arriva-threads-lalternativa-di-meta-a-twitter\/\"]}]},{\"@type\":\"BreadcrumbList\",\"@id\":\"https:\/\/www.extrapola.com\/it\/2023\/07\/05\/arriva-threads-lalternativa-di-meta-a-twitter\/#breadcrumb\",\"itemListElement\":[{\"@type\":\"ListItem\",\"position\":1,\"name\":\"Home\",\"item\":\"https:\/\/www.extrapola.com\/it\/\"},{\"@type\":\"ListItem\",\"position\":2,\"name\":\"Arriva Threads, l&#8217;alternativa di Meta a Twitter\"}]},{\"@type\":\"WebSite\",\"@id\":\"https:\/\/www.extrapola.com\/it\/#website\",\"url\":\"https:\/\/www.extrapola.com\/it\/\",\"name\":\"eXtrapola | Rassegna stampa online\",\"description\":\"\",\"publisher\":{\"@id\":\"https:\/\/www.extrapola.com\/it\/#organization\"},\"potentialAction\":[{\"@type\":\"SearchAction\",\"target\":{\"@type\":\"EntryPoint\",\"urlTemplate\":\"https:\/\/www.extrapola.com\/it\/?s={search_term_string}\"},\"query-input\":\"required name=search_term_string\"}],\"inLanguage\":\"en-US\"},{\"@type\":\"Organization\",\"@id\":\"https:\/\/www.extrapola.com\/it\/#organization\",\"name\":\"eXtrapola\",\"url\":\"https:\/\/www.extrapola.com\/it\/\",\"logo\":{\"@type\":\"ImageObject\",\"inLanguage\":\"en-US\",\"@id\":\"https:\/\/www.extrapola.com\/it\/#\/schema\/logo\/image\/\",\"url\":\"https:\/\/www.extrapola.com\/it\/wp-content\/uploads\/2019\/08\/WhatsApp-Image-2019-08-29-at-11.32.46.jpeg\",\"contentUrl\":\"https:\/\/www.extrapola.com\/it\/wp-content\/uploads\/2019\/08\/WhatsApp-Image-2019-08-29-at-11.32.46.jpeg\",\"width\":1554,\"height\":540,\"caption\":\"eXtrapola\"},\"image\":{\"@id\":\"https:\/\/www.extrapola.com\/it\/#\/schema\/logo\/image\/\"},\"sameAs\":[\"https:\/\/www.facebook.com\/extrapolasrl\/\",\"https:\/\/twitter.com\/eXtrapola_srl\",\"https:\/\/it.linkedin.com\/company\/extrapola-srl\",\"https:\/\/www.youtube.com\/user\/extrapolasrl\"]},{\"@type\":\"Person\",\"@id\":\"https:\/\/www.extrapola.com\/it\/#\/schema\/person\/434bcd3d4babdbad123acc9febc6bff9\",\"name\":\"Giovanni Saracino\",\"image\":{\"@type\":\"ImageObject\",\"inLanguage\":\"en-US\",\"@id\":\"https:\/\/www.extrapola.com\/it\/#\/schema\/person\/image\/\",\"url\":\"https:\/\/secure.gravatar.com\/avatar\/c1cbbcdb7d25ff0dd7dcd437c05ee956a1cff82c87b4d4dba4ddddf5864395b9?s=96&d=mm&r=g\",\"contentUrl\":\"https:\/\/secure.gravatar.com\/avatar\/c1cbbcdb7d25ff0dd7dcd437c05ee956a1cff82c87b4d4dba4ddddf5864395b9?s=96&d=mm&r=g\",\"caption\":\"Giovanni Saracino\"},\"description\":\"Redattore di Rassegna Stampa per eXtrapola srl Social Media Manager per eXtrapola srl Laureato in Lettere Moderne presso Universit\u00e0 Guglielmo Marconi Master in Media Relations e Comunicazione Digitale presso Professional DataGest\",\"url\":\"https:\/\/www.extrapola.com\/it\/author\/giovanni-saracino\/\"}]}<\/script>\n<!-- \/ Yoast SEO plugin. -->","yoast_head_json":{"title":"Arriva Threads, l'alternativa di Meta a Twitter - eXtrapola | Rassegna stampa online","description":"Threads \u00e8 il nuovo social network made in Meta, l'obiettivo? fare concorrenza a Twitter e sopraffare il social dell'uccellino. Ce la far\u00e0?","robots":{"index":"index","follow":"follow","max-snippet":"max-snippet:-1","max-image-preview":"max-image-preview:large","max-video-preview":"max-video-preview:-1"},"canonical":"https:\/\/www.extrapola.com\/it\/2023\/07\/05\/arriva-threads-lalternativa-di-meta-a-twitter\/","og_locale":"en_US","og_type":"article","og_title":"Arriva Threads, l'alternativa di Meta a Twitter - eXtrapola | Rassegna stampa online","og_description":"Threads \u00e8 il nuovo social network made in Meta, l'obiettivo? fare concorrenza a Twitter e sopraffare il social dell'uccellino. Ce la far\u00e0?","og_url":"https:\/\/www.extrapola.com\/it\/2023\/07\/05\/arriva-threads-lalternativa-di-meta-a-twitter\/","og_site_name":"eXtrapola | Rassegna stampa online","article_publisher":"https:\/\/www.facebook.com\/extrapolasrl\/","article_published_time":"2023-07-05T15:57:25+00:00","article_modified_time":"2023-07-05T15:57:29+00:00","og_image":[{"width":1920,"height":1080,"url":"https:\/\/www.extrapola.com\/it\/wp-content\/uploads\/2023\/07\/threads.jpg","type":"image\/jpeg"}],"author":"Giovanni Saracino","twitter_card":"summary_large_image","twitter_creator":"@eXtrapola_srl","twitter_site":"@eXtrapola_srl","twitter_misc":{"Written by":"Giovanni Saracino","Est. reading time":"3 minutes"},"schema":{"@context":"https:\/\/schema.org","@graph":[{"@type":"Article","@id":"https:\/\/www.extrapola.com\/it\/2023\/07\/05\/arriva-threads-lalternativa-di-meta-a-twitter\/#article","isPartOf":{"@id":"https:\/\/www.extrapola.com\/it\/2023\/07\/05\/arriva-threads-lalternativa-di-meta-a-twitter\/"},"author":{"name":"Giovanni Saracino","@id":"https:\/\/www.extrapola.com\/it\/#\/schema\/person\/434bcd3d4babdbad123acc9febc6bff9"},"headline":"Arriva Threads, l&#8217;alternativa di Meta a Twitter","datePublished":"2023-07-05T15:57:25+00:00","dateModified":"2023-07-05T15:57:29+00:00","mainEntityOfPage":{"@id":"https:\/\/www.extrapola.com\/it\/2023\/07\/05\/arriva-threads-lalternativa-di-meta-a-twitter\/"},"wordCount":491,"commentCount":0,"publisher":{"@id":"https:\/\/www.extrapola.com\/it\/#organization"},"keywords":["Elon Musk","gnews","Mark Zuckerberg","Meta","Musk","news","nuovo social","social","social network","Threads","Twitter","X Corp","Zuckerberg"],"articleSection":["News","Social Media"],"inLanguage":"en-US","potentialAction":[{"@type":"CommentAction","name":"Comment","target":["https:\/\/www.extrapola.com\/it\/2023\/07\/05\/arriva-threads-lalternativa-di-meta-a-twitter\/#respond"]}]},{"@type":"WebPage","@id":"https:\/\/www.extrapola.com\/it\/2023\/07\/05\/arriva-threads-lalternativa-di-meta-a-twitter\/","url":"https:\/\/www.extrapola.com\/it\/2023\/07\/05\/arriva-threads-lalternativa-di-meta-a-twitter\/","name":"Arriva Threads, l'alternativa di Meta a Twitter - eXtrapola | Rassegna stampa online","isPartOf":{"@id":"https:\/\/www.extrapola.com\/it\/#website"},"datePublished":"2023-07-05T15:57:25+00:00","dateModified":"2023-07-05T15:57:29+00:00","description":"Threads \u00e8 il nuovo social network made in Meta, l'obiettivo? fare concorrenza a Twitter e sopraffare il social dell'uccellino. Ce la far\u00e0?","breadcrumb":{"@id":"https:\/\/www.extrapola.com\/it\/2023\/07\/05\/arriva-threads-lalternativa-di-meta-a-twitter\/#breadcrumb"},"inLanguage":"en-US","potentialAction":[{"@type":"ReadAction","target":["https:\/\/www.extrapola.com\/it\/2023\/07\/05\/arriva-threads-lalternativa-di-meta-a-twitter\/"]}]},{"@type":"BreadcrumbList","@id":"https:\/\/www.extrapola.com\/it\/2023\/07\/05\/arriva-threads-lalternativa-di-meta-a-twitter\/#breadcrumb","itemListElement":[{"@type":"ListItem","position":1,"name":"Home","item":"https:\/\/www.extrapola.com\/it\/"},{"@type":"ListItem","position":2,"name":"Arriva Threads, l&#8217;alternativa di Meta a Twitter"}]},{"@type":"WebSite","@id":"https:\/\/www.extrapola.com\/it\/#website","url":"https:\/\/www.extrapola.com\/it\/","name":"eXtrapola | Rassegna stampa online","description":"","publisher":{"@id":"https:\/\/www.extrapola.com\/it\/#organization"},"potentialAction":[{"@type":"SearchAction","target":{"@type":"EntryPoint","urlTemplate":"https:\/\/www.extrapola.com\/it\/?s={search_term_string}"},"query-input":"required name=search_term_string"}],"inLanguage":"en-US"},{"@type":"Organization","@id":"https:\/\/www.extrapola.com\/it\/#organization","name":"eXtrapola","url":"https:\/\/www.extrapola.com\/it\/","logo":{"@type":"ImageObject","inLanguage":"en-US","@id":"https:\/\/www.extrapola.com\/it\/#\/schema\/logo\/image\/","url":"https:\/\/www.extrapola.com\/it\/wp-content\/uploads\/2019\/08\/WhatsApp-Image-2019-08-29-at-11.32.46.jpeg","contentUrl":"https:\/\/www.extrapola.com\/it\/wp-content\/uploads\/2019\/08\/WhatsApp-Image-2019-08-29-at-11.32.46.jpeg","width":1554,"height":540,"caption":"eXtrapola"},"image":{"@id":"https:\/\/www.extrapola.com\/it\/#\/schema\/logo\/image\/"},"sameAs":["https:\/\/www.facebook.com\/extrapolasrl\/","https:\/\/twitter.com\/eXtrapola_srl","https:\/\/it.linkedin.com\/company\/extrapola-srl","https:\/\/www.youtube.com\/user\/extrapolasrl"]},{"@type":"Person","@id":"https:\/\/www.extrapola.com\/it\/#\/schema\/person\/434bcd3d4babdbad123acc9febc6bff9","name":"Giovanni Saracino","image":{"@type":"ImageObject","inLanguage":"en-US","@id":"https:\/\/www.extrapola.com\/it\/#\/schema\/person\/image\/","url":"https:\/\/secure.gravatar.com\/avatar\/c1cbbcdb7d25ff0dd7dcd437c05ee956a1cff82c87b4d4dba4ddddf5864395b9?s=96&d=mm&r=g","contentUrl":"https:\/\/secure.gravatar.com\/avatar\/c1cbbcdb7d25ff0dd7dcd437c05ee956a1cff82c87b4d4dba4ddddf5864395b9?s=96&d=mm&r=g","caption":"Giovanni Saracino"},"description":"Redattore di Rassegna Stampa per eXtrapola srl Social Media Manager per eXtrapola srl Laureato in Lettere Moderne presso Universit\u00e0 Guglielmo Marconi Master in Media Relations e Comunicazione Digitale presso Professional DataGest","url":"https:\/\/www.extrapola.com\/it\/author\/giovanni-saracino\/"}]}},"_links":{"self":[{"href":"https:\/\/www.extrapola.com\/it\/wp-json\/wp\/v2\/posts\/14623","targetHints":{"allow":["GET"]}}],"collection":[{"href":"https:\/\/www.extrapola.com\/it\/wp-json\/wp\/v2\/posts"}],"about":[{"href":"https:\/\/www.extrapola.com\/it\/wp-json\/wp\/v2\/types\/post"}],"author":[{"embeddable":true,"href":"https:\/\/www.extrapola.com\/it\/wp-json\/wp\/v2\/users\/9"}],"replies":[{"embeddable":true,"href":"https:\/\/www.extrapola.com\/it\/wp-json\/wp\/v2\/comments?post=14623"}],"version-history":[{"count":0,"href":"https:\/\/www.extrapola.com\/it\/wp-json\/wp\/v2\/posts\/14623\/revisions"}],"wp:featuredmedia":[{"embeddable":true,"href":"https:\/\/www.extrapola.com\/it\/wp-json\/wp\/v2\/media\/14624"}],"wp:attachment":[{"href":"https:\/\/www.extrapola.com\/it\/wp-json\/wp\/v2\/media?parent=14623"}],"wp:term":[{"taxonomy":"category","embeddable":true,"href":"https:\/\/www.extrapola.com\/it\/wp-json\/wp\/v2\/categories?post=14623"},{"taxonomy":"post_tag","embeddable":true,"href":"https:\/\/www.extrapola.com\/it\/wp-json\/wp\/v2\/tags?post=14623"}],"curies":[{"name":"wp","href":"https:\/\/api.w.org\/{rel}","templated":true}]}}